{"id":25883,"date":"2023-08-18T10:20:00","date_gmt":"2023-08-18T08:20:00","guid":{"rendered":"https:\/\/physiodermie.com\/?p=25883"},"modified":"2023-08-22T10:08:49","modified_gmt":"2023-08-22T08:08:49","slug":"pourquoi-la-vitamine-c-est-elle-bonne-pour-la-peau","status":"publish","type":"post","link":"https:\/\/www.physiodermie.com\/fr\/pourquoi-la-vitamine-c-est-elle-bonne-pour-la-peau\/","title":{"rendered":"Pourquoi la vitamine C est-elle bonne pour la peau ?"},"content":{"rendered":"<p><div class=\"fusion-fullwidth fullwidth-box fusion-builder-row-1 fusion-flex-container has-pattern-background has-mask-background nonhundred-percent-fullwidth non-hundred-percent-height-scrolling\" style=\"--awb-border-radius-top-left:0px;--awb-border-radius-top-right:0px;--awb-border-radius-bottom-right:0px;--awb-border-radius-bottom-left:0px;--awb-flex-wrap:wrap;\" ><div class=\"fusion-builder-row fusion-row fusion-flex-align-items-flex-start fusion-flex-content-wrap\" style=\"max-width:1216.8px;margin-left: calc(-4% \/ 2 );margin-right: calc(-4% \/ 2 );\"><div class=\"fusion-layout-column fusion_builder_column fusion-builder-column-0 fusion_builder_column_1_1 1_1 fusion-flex-column\" style=\"--awb-bg-size:cover;--awb-width-large:100%;--awb-margin-top-large:0px;--awb-spacing-right-large:1.92%;--awb-margin-bottom-large:0px;--awb-spacing-left-large:1.92%;--awb-width-medium:100%;--awb-order-medium:0;--awb-spacing-right-medium:1.92%;--awb-spacing-left-medium:1.92%;--awb-width-small:100%;--awb-order-small:0;--awb-spacing-right-small:1.92%;--awb-spacing-left-small:1.92%;\"><div class=\"fusion-column-wrapper fusion-column-has-shadow fusion-flex-justify-content-flex-start fusion-content-layout-column\"><div class=\"fusion-text fusion-text-1\" style=\"--awb-content-alignment:left;\"><p style=\"text-align: left;\">Il existe 13 types de vitamines, qui sont obtenues \u00e0 partir de l&rsquo;alimentation, de suppl\u00e9ments ou de m\u00e9dicaments. Les vitamines sont n\u00e9cessaires au bon fonctionnement du corps, \u00e0 l&rsquo;absorption des nutriments et \u00e0 la construction de l&rsquo;organisme.<\/p>\n<\/div><\/div><\/div><\/div><\/div><div class=\"fusion-fullwidth fullwidth-box fusion-builder-row-2 fusion-flex-container has-pattern-background has-mask-background nonhundred-percent-fullwidth non-hundred-percent-height-scrolling\" style=\"--awb-border-radius-top-left:0px;--awb-border-radius-top-right:0px;--awb-border-radius-bottom-right:0px;--awb-border-radius-bottom-left:0px;--awb-overflow:visible;--awb-margin-top:20px;--awb-flex-wrap:wrap;\" ><div class=\"fusion-builder-row fusion-row fusion-flex-align-items-flex-start fusion-flex-content-wrap\" style=\"max-width:1216.8px;margin-left: calc(-4% \/ 2 );margin-right: calc(-4% \/ 2 );\"><div class=\"fusion-layout-column fusion_builder_column fusion-builder-column-1 fusion_builder_column_1_1 1_1 fusion-flex-column fusion-flex-align-self-flex-start\" style=\"--awb-bg-size:cover;--awb-width-large:100%;--awb-margin-top-large:0px;--awb-spacing-right-large:1.92%;--awb-margin-bottom-large:0px;--awb-spacing-left-large:1.92%;--awb-width-medium:100%;--awb-order-medium:0;--awb-spacing-right-medium:1.92%;--awb-spacing-left-medium:1.92%;--awb-width-small:100%;--awb-order-small:0;--awb-spacing-right-small:1.92%;--awb-spacing-left-small:1.92%;\"><div class=\"fusion-column-wrapper fusion-column-has-shadow fusion-flex-justify-content-flex-start fusion-content-layout-column\"><div class=\"fusion-separator fusion-full-width-sep\" style=\"align-self: center;margin-left: auto;margin-right: auto;width:100%;\"><\/div><div class=\"fusion-text fusion-text-2\" style=\"--awb-content-alignment:left;\"><h3 style=\"font-weight: 400; text-align: left;\"><strong>Approfondissez vos connaissances sur la vitamine C en vous penchant sur quatre dates historiques importantes :<\/strong><\/h3>\n<p style=\"font-weight: 400;\"><em><strong>1747 &#8211; L&rsquo;exp\u00e9rience de James Lindt :<\/strong><\/em><br \/>\nLes preuves de l&rsquo;importance de la vitamine C remontent au XVIIIe si\u00e8cle, lorsque le m\u00e9decin James Lindt a administr\u00e9 de fortes doses de jus de citron \u00e0 des marins souffrant de scorbut, ce qui a permis \u00e0 l&rsquo;\u00e9quipage de se r\u00e9tablir.<\/p>\n<p style=\"font-weight: 400;\"><em><strong>1934<\/strong> &#8211; D\u00e9couverte scientifique de l&rsquo;acide ascorbique:<br \/>\n<\/em>Ce n&rsquo;est qu&rsquo;en 1928 qu&rsquo;Albert Szent-Gy\u00f6rgyi r\u00e9ussit \u00e0 isoler l'\u00a0\u00bbacide hexuronique\u00a0\u00bb, et Haworth d\u00e9termine la structure pr\u00e9cise de la vitamine C en 1934.<\/p>\n<p style=\"font-weight: 400;\"><em><strong>1969<\/strong> &#8211; La vitamine C, le cheval de bataille de Linus Pauling, double laur\u00e9at du prix Nobel :<\/em><br \/>\nLinus Pauling a cr\u00e9\u00e9 la controverse en 1969 en vantant l&rsquo;int\u00e9r\u00eat m\u00e9dical de l&rsquo;acide ascorbique pour la sant\u00e9 humaine et a continuellement test\u00e9 son potentiel.<\/p>\n<p style=\"font-weight: 400;\"><em><strong>2016<\/strong> &#8211; L&rsquo;omnipr\u00e9sence de la vitamine C:<br \/>\n<\/em>La production de vitamine C a atteint 110 000 tonnes en 2016 et est omnipr\u00e9sente dans l&rsquo;industrie alimentaire sous le nom d&rsquo;additif E300. L&rsquo;industrie pharmaceutique et cosm\u00e9tique en fait \u00e9galement l&rsquo;un des best-sellers, en le proposant sous diff\u00e9rentes formes.<\/p>\n<h3 style=\"font-weight: 400; text-align: left;\"><strong>Qu&rsquo;est-ce qu&rsquo;une vitamine ?<\/strong><\/h3>\n<p style=\"font-weight: 400;\">La vitamine C est un antioxydant qui combat les radicaux libres caus\u00e9s par des facteurs externes et contribue \u00e0 la formation de collag\u00e8ne, \u00e0 la cicatrisation des plaies et \u00e0 la d\u00e9fense antioxydante. La vitamine C synth\u00e9tique est identique \u00e0 la vitamine C naturelle, mais des doses \u00e9lev\u00e9es peuvent irriter les peaux sensibles. La vitamine C n&rsquo;augmente pas la photosensibilit\u00e9 et renforce les d\u00e9fenses antioxydantes, mais elle est elle-m\u00eame photosensible et son action diminue sous l&rsquo;effet de la chaleur et du soleil.Il existe 13 types de vitamines, qui sont obtenues par l&rsquo;alimentation, les compl\u00e9ments alimentaires ou les m\u00e9dicaments. Les vitamines sont n\u00e9cessaires au bon fonctionnement du corps, \u00e0 l&rsquo;absorption des nutriments et \u00e0 la construction de l&rsquo;organisme. La vitamine C est un antioxydant qui combat les radicaux libres caus\u00e9s par des facteurs externes et contribue \u00e0 la formation de collag\u00e8ne, \u00e0 la cicatrisation des plaies et \u00e0 la d\u00e9fense antioxydante. La vitamine C synth\u00e9tique est identique \u00e0 la vitamine C naturelle, mais des doses \u00e9lev\u00e9es (sup\u00e9rieures \u00e0 15 %) peuvent irriter les peaux sensibles. La vitamine C n&rsquo;augmente pas la photosensibilit\u00e9 et renforce les d\u00e9fenses antioxydantes, mais elle est elle-m\u00eame photosensible et son action diminue sous l&rsquo;effet de la chaleur et du soleil.<\/p>\n<\/div><\/div><\/div><\/div><\/div><div class=\"fusion-fullwidth fullwidth-box fusion-builder-row-3 fusion-flex-container has-pattern-background has-mask-background nonhundred-percent-fullwidth non-hundred-percent-height-scrolling\" style=\"--awb-border-radius-top-left:0px;--awb-border-radius-top-right:0px;--awb-border-radius-bottom-right:0px;--awb-border-radius-bottom-left:0px;--awb-flex-wrap:wrap;\" ><div class=\"fusion-builder-row fusion-row fusion-flex-align-items-flex-start fusion-flex-content-wrap\" style=\"max-width:1216.8px;margin-left: calc(-4% \/ 2 );margin-right: calc(-4% \/ 2 );\"><div class=\"fusion-layout-column fusion_builder_column fusion-builder-column-2 fusion_builder_column_1_1 1_1 fusion-flex-column\" style=\"--awb-bg-size:cover;--awb-width-large:100%;--awb-margin-top-large:15px;--awb-spacing-right-large:1.92%;--awb-margin-bottom-large:15px;--awb-spacing-left-large:1.92%;--awb-width-medium:100%;--awb-order-medium:0;--awb-spacing-right-medium:1.92%;--awb-spacing-left-medium:1.92%;--awb-width-small:100%;--awb-order-small:0;--awb-spacing-right-small:1.92%;--awb-spacing-left-small:1.92%;\"><div class=\"fusion-column-wrapper fusion-column-has-shadow fusion-flex-justify-content-flex-start fusion-content-layout-column\"><div class=\"fusion-text fusion-text-3\" style=\"--awb-content-alignment:center;\"><h3 style=\"font-weight: 400; text-align: left;\"><strong>O\u00f9 peut-on trouver de la vitamine C dans nos produits ?<\/strong><\/h3>\n<\/div><\/div><\/div><\/div><\/div><div class=\"fusion-fullwidth fullwidth-box fusion-builder-row-4 fusion-flex-container has-pattern-background has-mask-background nonhundred-percent-fullwidth non-hundred-percent-height-scrolling\" style=\"--awb-border-radius-top-left:0px;--awb-border-radius-top-right:0px;--awb-border-radius-bottom-right:0px;--awb-border-radius-bottom-left:0px;--awb-flex-wrap:wrap;\" ><div class=\"fusion-builder-row fusion-row fusion-flex-align-items-flex-start fusion-flex-content-wrap\" style=\"max-width:1216.8px;margin-left: calc(-4% \/ 2 );margin-right: calc(-4% \/ 2 );\"><div class=\"fusion-layout-column fusion_builder_column fusion-builder-column-3 fusion_builder_column_2_3 2_3 fusion-flex-column\" style=\"--awb-bg-size:cover;--awb-width-large:66.666666666667%;--awb-margin-top-large:15px;--awb-spacing-right-large:2.88%;--awb-margin-bottom-large:15px;--awb-spacing-left-large:2.88%;--awb-width-medium:100%;--awb-order-medium:0;--awb-spacing-right-medium:1.92%;--awb-spacing-left-medium:1.92%;--awb-width-small:100%;--awb-order-small:0;--awb-spacing-right-small:1.92%;--awb-spacing-left-small:1.92%;\"><div class=\"fusion-column-wrapper fusion-column-has-shadow fusion-flex-justify-content-flex-start fusion-content-layout-column\"><div class=\"fusion-text fusion-text-4\" style=\"--awb-content-alignment:left;\"><p><strong>Recovery Night Mask<\/strong><\/p>\n<ul>\n<li><strong>Antioxydant r\u00e9parateur : Vitamine C<br \/>\n<\/strong>Stimule la synth\u00e8se du collag\u00e8ne et att\u00e9nue les taches brunes<\/li>\n<\/ul>\n<ul>\n<li><strong>Lifting et raffermissement : Peptide micro-encapsul\u00e9<br \/>\n<\/strong> R\u00e9sultat de la traduction S\u00e9lectionner la langue cible. Langue actuellement s\u00e9lectionn\u00e9e : Fran\u00e7ais Options R\u00e9g\u00e9n\u00e8re les cellules de la peau, r\u00e9duit et pr\u00e9vient les rides, augmente la synth\u00e8se de l&rsquo;\u00e9lastine.<\/li>\n<\/ul>\n<ul>\n<li><strong>Repulpant et hydratant : acides hyaluroniques de haut et de bas poids mol\u00e9culaire<br \/>\n<\/strong>R\u00e9hydratation superficielle et profonde de la peau, effet repulpant<\/li>\n<\/ul>\n<\/div><\/div><\/div><div class=\"fusion-layout-column fusion_builder_column fusion-builder-column-4 fusion_builder_column_1_3 1_3 fusion-flex-column\" style=\"--awb-bg-size:cover;--awb-width-large:33.333333333333%;--awb-margin-top-large:15px;--awb-spacing-right-large:5.76%;--awb-margin-bottom-large:15px;--awb-spacing-left-large:5.76%;--awb-width-medium:100%;--awb-order-medium:0;--awb-spacing-right-medium:1.92%;--awb-spacing-left-medium:1.92%;--awb-width-small:100%;--awb-order-small:0;--awb-spacing-right-small:1.92%;--awb-spacing-left-small:1.92%;\"><div class=\"fusion-column-wrapper fusion-column-has-shadow fusion-flex-justify-content-flex-start fusion-content-layout-column\"><div class=\"fusion-image-element \" style=\"--awb-caption-title-font-family:var(--h2_typography-font-family);--awb-caption-title-font-weight:var(--h2_typography-font-weight);--awb-caption-title-font-style:var(--h2_typography-font-style);--awb-caption-title-size:var(--h2_typography-font-size);--awb-caption-title-transform:var(--h2_typography-text-transform);--awb-caption-title-line-height:var(--h2_typography-line-height);--awb-caption-title-letter-spacing:var(--h2_typography-letter-spacing);\"><span class=\" fusion-imageframe imageframe-none imageframe-1 hover-type-none\"><a class=\"fusion-no-lightbox\" href=\"https:\/\/physiodermie.com\/fr\/produit\/masque-de-nuit-recuperateur\/\" target=\"_self\" aria-label=\"recovery-night-mask-physiodermie\"><img decoding=\"async\" width=\"240\" height=\"300\" src=\"https:\/\/physiodermie.com\/wp-content\/uploads\/2023\/08\/recovery-night-mask-physiodermie-240x300.jpg\" alt class=\"img-responsive wp-image-25842\" srcset=\"https:\/\/www.physiodermie.com\/wp-content\/uploads\/2023\/08\/recovery-night-mask-physiodermie-200x250.jpg 200w, https:\/\/www.physiodermie.com\/wp-content\/uploads\/2023\/08\/recovery-night-mask-physiodermie-400x500.jpg 400w, https:\/\/www.physiodermie.com\/wp-content\/uploads\/2023\/08\/recovery-night-mask-physiodermie-600x750.jpg 600w, https:\/\/www.physiodermie.com\/wp-content\/uploads\/2023\/08\/recovery-night-mask-physiodermie-e1692186089587.jpg 800w\" sizes=\"(max-width: 1024px) 100vw, (max-width: 640px) 100vw, 400px\" \/><\/a><\/span><\/div><div class=\"fusion-text fusion-text-5\"><h3 style=\"font-weight: 400; text-align: center;\"><strong>Recovery Night Mask<\/strong><\/h3>\n<\/div><\/div><\/div><\/div><\/div><div class=\"fusion-fullwidth fullwidth-box fusion-builder-row-5 fusion-flex-container has-pattern-background has-mask-background nonhundred-percent-fullwidth non-hundred-percent-height-scrolling\" style=\"--awb-border-radius-top-left:0px;--awb-border-radius-top-right:0px;--awb-border-radius-bottom-right:0px;--awb-border-radius-bottom-left:0px;--awb-flex-wrap:wrap;\" ><div class=\"fusion-builder-row fusion-row fusion-flex-align-items-flex-start fusion-flex-content-wrap\" style=\"max-width:1216.8px;margin-left: calc(-4% \/ 2 );margin-right: calc(-4% \/ 2 );\"><div class=\"fusion-layout-column fusion_builder_column fusion-builder-column-5 fusion_builder_column_2_3 2_3 fusion-flex-column\" style=\"--awb-bg-size:cover;--awb-width-large:66.666666666667%;--awb-margin-top-large:15px;--awb-spacing-right-large:2.88%;--awb-margin-bottom-large:15px;--awb-spacing-left-large:2.88%;--awb-width-medium:100%;--awb-order-medium:0;--awb-spacing-right-medium:1.92%;--awb-spacing-left-medium:1.92%;--awb-width-small:100%;--awb-order-small:0;--awb-spacing-right-small:1.92%;--awb-spacing-left-small:1.92%;\"><div class=\"fusion-column-wrapper fusion-column-has-shadow fusion-flex-justify-content-flex-start fusion-content-layout-column\"><div class=\"fusion-text fusion-text-6\" style=\"--awb-content-alignment:left;\"><p style=\"text-align: left;\"><strong>Shot C15<\/strong><\/p>\n<ul>\n<li style=\"font-weight: 400; text-align: left;\"><strong>Vitamine C (fermentation du sucre)<\/strong><strong><br \/>\n<\/strong> Stimule la synth\u00e8se du collag\u00e8ne et att\u00e9nue les taches.<\/li>\n<\/ul>\n<ul>\n<li style=\"font-weight: 400; text-align: left;\"><strong>Acide hyaluronique de haut et de bas poids mol\u00e9culaire (fermentation de levure et de bl\u00e9)<\/strong> <strong>:<br \/>\n<\/strong>R\u00e9hydratation superficielle et profonde de la peau, effet repulpant<\/li>\n<\/ul>\n<ul>\n<li style=\"font-weight: 400; text-align: left;\"><strong>Extrait de canneberge (canneberges canadiennes)<br \/>\n<\/strong>Propri\u00e9t\u00e9s anti-inflammatoires pour r\u00e9duire les rougeurs et les irritations.<br \/>\nEn outre, la teneur \u00e9lev\u00e9e en vitamine C de l&rsquo;extrait de canneberge peut contribuer \u00e0 stimuler la production de collag\u00e8ne, favorisant ainsi la fermet\u00e9 et l&rsquo;\u00e9lasticit\u00e9 de la peau.<\/li>\n<\/ul>\n<\/div><\/div><\/div><div class=\"fusion-layout-column fusion_builder_column fusion-builder-column-6 fusion_builder_column_1_3 1_3 fusion-flex-column\" style=\"--awb-bg-size:cover;--awb-width-large:33.333333333333%;--awb-margin-top-large:15px;--awb-spacing-right-large:5.76%;--awb-margin-bottom-large:15px;--awb-spacing-left-large:5.76%;--awb-width-medium:100%;--awb-order-medium:0;--awb-spacing-right-medium:1.92%;--awb-spacing-left-medium:1.92%;--awb-width-small:100%;--awb-order-small:0;--awb-spacing-right-small:1.92%;--awb-spacing-left-small:1.92%;\"><div class=\"fusion-column-wrapper fusion-column-has-shadow fusion-flex-justify-content-flex-start fusion-content-layout-column\"><div class=\"fusion-image-element \" style=\"--awb-caption-title-font-family:var(--h2_typography-font-family);--awb-caption-title-font-weight:var(--h2_typography-font-weight);--awb-caption-title-font-style:var(--h2_typography-font-style);--awb-caption-title-size:var(--h2_typography-font-size);--awb-caption-title-transform:var(--h2_typography-text-transform);--awb-caption-title-line-height:var(--h2_typography-line-height);--awb-caption-title-letter-spacing:var(--h2_typography-letter-spacing);\"><span class=\" fusion-imageframe imageframe-none imageframe-2 hover-type-none\"><a class=\"fusion-no-lightbox\" href=\"https:\/\/physiodermie.com\/fr\/produit\/shot-c15\/\" target=\"_self\" aria-label=\"shotc15-physiodermie\"><img decoding=\"async\" width=\"240\" height=\"300\" src=\"https:\/\/physiodermie.com\/wp-content\/uploads\/2023\/08\/shotc15-physiodermie-240x300.png\" alt class=\"img-responsive wp-image-25832\" srcset=\"https:\/\/www.physiodermie.com\/wp-content\/uploads\/2023\/08\/shotc15-physiodermie-200x250.png 200w, https:\/\/www.physiodermie.com\/wp-content\/uploads\/2023\/08\/shotc15-physiodermie-400x500.png 400w, https:\/\/www.physiodermie.com\/wp-content\/uploads\/2023\/08\/shotc15-physiodermie-600x750.png 600w, https:\/\/www.physiodermie.com\/wp-content\/uploads\/2023\/08\/shotc15-physiodermie.png 800w\" sizes=\"(max-width: 1024px) 100vw, (max-width: 640px) 100vw, 400px\" \/><\/a><\/span><\/div><div class=\"fusion-text fusion-text-7\"><h3 style=\"font-weight: 400; text-align: center;\"><strong>Shot C15<\/strong><\/h3>\n<\/div><\/div><\/div><\/div><\/div><\/p>\n","protected":false},"excerpt":{"rendered":"<p>La vitamine C est un antioxydant naturel qui combat les radicaux libres caus\u00e9s par des facteurs externes et contribue \u00e0 la formation de collag\u00e8ne, \u00e0 la cicatrisation et \u00e0 la protection contre le stress oxydatif.<\/p>\n","protected":false},"author":5607,"featured_media":27159,"comment_status":"open","ping_status":"open","sticky":false,"template":"","format":"standard","meta":{"mc4wp_mailchimp_campaign":[],"footnotes":""},"categories":[186],"tags":[],"class_list":["post-25883","post","type-post","status-publish","format-standard","has-post-thumbnail","hentry","category-actifs-fr"],"acf":[],"yoast_head":"<!-- This site is optimized with the Yoast SEO plugin v27.5 - https:\/\/yoast.com\/product\/yoast-seo-wordpress\/ -->\n<title>Pourquoi la vitamine C est-elle bonne pour la peau ?<\/title>\n<meta name=\"description\" content=\"La vitamine C est un antioxydant qui combat les radicaux libres et contribue \u00e0 la formation du collag\u00e8ne, \u00e0 la cicatrisation des plaies et \u00e0 la protection contre le stress oxydatif.\" \/>\n<meta name=\"robots\" content=\"index, follow, max-snippet:-1, max-image-preview:large, max-video-preview:-1\" \/>\n<link rel=\"canonical\" href=\"https:\/\/www.physiodermie.com\/fr\/pourquoi-la-vitamine-c-est-elle-bonne-pour-la-peau\/\" \/>\n<meta property=\"og:locale\" content=\"fr_FR\" \/>\n<meta property=\"og:type\" content=\"article\" \/>\n<meta property=\"og:title\" content=\"Pourquoi la vitamine C est-elle bonne pour la peau ?\" \/>\n<meta property=\"og:description\" content=\"La vitamine C est un antioxydant qui combat les radicaux libres et contribue \u00e0 la formation du collag\u00e8ne, \u00e0 la cicatrisation des plaies et \u00e0 la protection contre le stress oxydatif.\" \/>\n<meta property=\"og:url\" content=\"https:\/\/www.physiodermie.com\/fr\/pourquoi-la-vitamine-c-est-elle-bonne-pour-la-peau\/\" \/>\n<meta property=\"og:site_name\" content=\"Methode Physiodermie\" \/>\n<meta property=\"article:published_time\" content=\"2023-08-18T08:20:00+00:00\" \/>\n<meta property=\"article:modified_time\" content=\"2023-08-22T08:08:49+00:00\" \/>\n<meta property=\"og:image\" content=\"https:\/\/www.physiodermie.com\/wp-content\/uploads\/2023\/08\/FORMAT-ORANGE.jpg\" \/>\n\t<meta property=\"og:image:width\" content=\"800\" \/>\n\t<meta property=\"og:image:height\" content=\"509\" \/>\n\t<meta property=\"og:image:type\" content=\"image\/jpeg\" \/>\n<meta name=\"author\" content=\"Adib Ait Hocine\" \/>\n<meta name=\"twitter:card\" content=\"summary_large_image\" \/>\n<meta name=\"twitter:label1\" content=\"\u00c9crit par\" \/>\n\t<meta name=\"twitter:data1\" content=\"Adib Ait Hocine\" \/>\n\t<meta name=\"twitter:label2\" content=\"Dur\u00e9e de lecture estim\u00e9e\" \/>\n\t<meta name=\"twitter:data2\" content=\"33 minutes\" \/>\n<script type=\"application\/ld+json\" class=\"yoast-schema-graph\">{\"@context\":\"https:\\\/\\\/schema.org\",\"@graph\":[{\"@type\":\"Article\",\"@id\":\"https:\\\/\\\/www.physiodermie.com\\\/fr\\\/pourquoi-la-vitamine-c-est-elle-bonne-pour-la-peau\\\/#article\",\"isPartOf\":{\"@id\":\"https:\\\/\\\/www.physiodermie.com\\\/fr\\\/pourquoi-la-vitamine-c-est-elle-bonne-pour-la-peau\\\/\"},\"author\":{\"name\":\"Adib Ait Hocine\",\"@id\":\"https:\\\/\\\/www.physiodermie.com\\\/fr\\\/#\\\/schema\\\/person\\\/8e46d6ce347bfcd0601d1320645757ee\"},\"headline\":\"Pourquoi la vitamine C est-elle bonne pour la peau ?\",\"datePublished\":\"2023-08-18T08:20:00+00:00\",\"dateModified\":\"2023-08-22T08:08:49+00:00\",\"mainEntityOfPage\":{\"@id\":\"https:\\\/\\\/www.physiodermie.com\\\/fr\\\/pourquoi-la-vitamine-c-est-elle-bonne-pour-la-peau\\\/\"},\"wordCount\":6653,\"commentCount\":0,\"publisher\":{\"@id\":\"https:\\\/\\\/www.physiodermie.com\\\/fr\\\/#organization\"},\"image\":{\"@id\":\"https:\\\/\\\/www.physiodermie.com\\\/fr\\\/pourquoi-la-vitamine-c-est-elle-bonne-pour-la-peau\\\/#primaryimage\"},\"thumbnailUrl\":\"https:\\\/\\\/www.physiodermie.com\\\/wp-content\\\/uploads\\\/2023\\\/08\\\/FORMAT-ORANGE.jpg\",\"articleSection\":[\"Actifs\"],\"inLanguage\":\"fr-FR\",\"potentialAction\":[{\"@type\":\"CommentAction\",\"name\":\"Comment\",\"target\":[\"https:\\\/\\\/www.physiodermie.com\\\/fr\\\/pourquoi-la-vitamine-c-est-elle-bonne-pour-la-peau\\\/#respond\"]}]},{\"@type\":\"WebPage\",\"@id\":\"https:\\\/\\\/www.physiodermie.com\\\/fr\\\/pourquoi-la-vitamine-c-est-elle-bonne-pour-la-peau\\\/\",\"url\":\"https:\\\/\\\/www.physiodermie.com\\\/fr\\\/pourquoi-la-vitamine-c-est-elle-bonne-pour-la-peau\\\/\",\"name\":\"Pourquoi la vitamine C est-elle bonne pour la peau ?\",\"isPartOf\":{\"@id\":\"https:\\\/\\\/www.physiodermie.com\\\/fr\\\/#website\"},\"primaryImageOfPage\":{\"@id\":\"https:\\\/\\\/www.physiodermie.com\\\/fr\\\/pourquoi-la-vitamine-c-est-elle-bonne-pour-la-peau\\\/#primaryimage\"},\"image\":{\"@id\":\"https:\\\/\\\/www.physiodermie.com\\\/fr\\\/pourquoi-la-vitamine-c-est-elle-bonne-pour-la-peau\\\/#primaryimage\"},\"thumbnailUrl\":\"https:\\\/\\\/www.physiodermie.com\\\/wp-content\\\/uploads\\\/2023\\\/08\\\/FORMAT-ORANGE.jpg\",\"datePublished\":\"2023-08-18T08:20:00+00:00\",\"dateModified\":\"2023-08-22T08:08:49+00:00\",\"description\":\"La vitamine C est un antioxydant qui combat les radicaux libres et contribue \u00e0 la formation du collag\u00e8ne, \u00e0 la cicatrisation des plaies et \u00e0 la protection contre le stress oxydatif.\",\"breadcrumb\":{\"@id\":\"https:\\\/\\\/www.physiodermie.com\\\/fr\\\/pourquoi-la-vitamine-c-est-elle-bonne-pour-la-peau\\\/#breadcrumb\"},\"inLanguage\":\"fr-FR\",\"potentialAction\":[{\"@type\":\"ReadAction\",\"target\":[\"https:\\\/\\\/www.physiodermie.com\\\/fr\\\/pourquoi-la-vitamine-c-est-elle-bonne-pour-la-peau\\\/\"]}]},{\"@type\":\"ImageObject\",\"inLanguage\":\"fr-FR\",\"@id\":\"https:\\\/\\\/www.physiodermie.com\\\/fr\\\/pourquoi-la-vitamine-c-est-elle-bonne-pour-la-peau\\\/#primaryimage\",\"url\":\"https:\\\/\\\/www.physiodermie.com\\\/wp-content\\\/uploads\\\/2023\\\/08\\\/FORMAT-ORANGE.jpg\",\"contentUrl\":\"https:\\\/\\\/www.physiodermie.com\\\/wp-content\\\/uploads\\\/2023\\\/08\\\/FORMAT-ORANGE.jpg\",\"width\":800,\"height\":509},{\"@type\":\"BreadcrumbList\",\"@id\":\"https:\\\/\\\/www.physiodermie.com\\\/fr\\\/pourquoi-la-vitamine-c-est-elle-bonne-pour-la-peau\\\/#breadcrumb\",\"itemListElement\":[{\"@type\":\"ListItem\",\"position\":1,\"name\":\"Accueil\",\"item\":\"https:\\\/\\\/www.physiodermie.com\\\/fr\\\/\"},{\"@type\":\"ListItem\",\"position\":2,\"name\":\"Pourquoi la vitamine C est-elle bonne pour la peau ?\"}]},{\"@type\":\"WebSite\",\"@id\":\"https:\\\/\\\/www.physiodermie.com\\\/fr\\\/#website\",\"url\":\"https:\\\/\\\/www.physiodermie.com\\\/fr\\\/\",\"name\":\"Methode Physiodermie\",\"description\":\"Performance Skincare Switzerland\",\"publisher\":{\"@id\":\"https:\\\/\\\/www.physiodermie.com\\\/fr\\\/#organization\"},\"potentialAction\":[{\"@type\":\"SearchAction\",\"target\":{\"@type\":\"EntryPoint\",\"urlTemplate\":\"https:\\\/\\\/www.physiodermie.com\\\/fr\\\/?s={search_term_string}\"},\"query-input\":{\"@type\":\"PropertyValueSpecification\",\"valueRequired\":true,\"valueName\":\"search_term_string\"}}],\"inLanguage\":\"fr-FR\"},{\"@type\":\"Organization\",\"@id\":\"https:\\\/\\\/www.physiodermie.com\\\/fr\\\/#organization\",\"name\":\"Laboratoire Sintyl - Gen\u00e8ve\",\"url\":\"https:\\\/\\\/www.physiodermie.com\\\/fr\\\/\",\"logo\":{\"@type\":\"ImageObject\",\"inLanguage\":\"fr-FR\",\"@id\":\"https:\\\/\\\/www.physiodermie.com\\\/fr\\\/#\\\/schema\\\/logo\\\/image\\\/\",\"url\":\"https:\\\/\\\/physiodermie.com\\\/wp-content\\\/uploads\\\/2021\\\/02\\\/methode-physiodermie_logo2x.png\",\"contentUrl\":\"https:\\\/\\\/physiodermie.com\\\/wp-content\\\/uploads\\\/2021\\\/02\\\/methode-physiodermie_logo2x.png\",\"width\":320,\"height\":86,\"caption\":\"Laboratoire Sintyl - Gen\u00e8ve\"},\"image\":{\"@id\":\"https:\\\/\\\/www.physiodermie.com\\\/fr\\\/#\\\/schema\\\/logo\\\/image\\\/\"}},{\"@type\":\"Person\",\"@id\":\"https:\\\/\\\/www.physiodermie.com\\\/fr\\\/#\\\/schema\\\/person\\\/8e46d6ce347bfcd0601d1320645757ee\",\"name\":\"Adib Ait Hocine\",\"image\":{\"@type\":\"ImageObject\",\"inLanguage\":\"fr-FR\",\"@id\":\"https:\\\/\\\/secure.gravatar.com\\\/avatar\\\/a70fa653672134b67d13e73fcfff4f13abb86fd971b0cb1e69c80d21714d9d26?s=96&d=mm&r=g\",\"url\":\"https:\\\/\\\/secure.gravatar.com\\\/avatar\\\/a70fa653672134b67d13e73fcfff4f13abb86fd971b0cb1e69c80d21714d9d26?s=96&d=mm&r=g\",\"contentUrl\":\"https:\\\/\\\/secure.gravatar.com\\\/avatar\\\/a70fa653672134b67d13e73fcfff4f13abb86fd971b0cb1e69c80d21714d9d26?s=96&d=mm&r=g\",\"caption\":\"Adib Ait Hocine\"}}]}<\/script>\n<!-- \/ Yoast SEO plugin. -->","yoast_head_json":{"title":"Pourquoi la vitamine C est-elle bonne pour la peau ?","description":"La vitamine C est un antioxydant qui combat les radicaux libres et contribue \u00e0 la formation du collag\u00e8ne, \u00e0 la cicatrisation des plaies et \u00e0 la protection contre le stress oxydatif.","robots":{"index":"index","follow":"follow","max-snippet":"max-snippet:-1","max-image-preview":"max-image-preview:large","max-video-preview":"max-video-preview:-1"},"canonical":"https:\/\/www.physiodermie.com\/fr\/pourquoi-la-vitamine-c-est-elle-bonne-pour-la-peau\/","og_locale":"fr_FR","og_type":"article","og_title":"Pourquoi la vitamine C est-elle bonne pour la peau ?","og_description":"La vitamine C est un antioxydant qui combat les radicaux libres et contribue \u00e0 la formation du collag\u00e8ne, \u00e0 la cicatrisation des plaies et \u00e0 la protection contre le stress oxydatif.","og_url":"https:\/\/www.physiodermie.com\/fr\/pourquoi-la-vitamine-c-est-elle-bonne-pour-la-peau\/","og_site_name":"Methode Physiodermie","article_published_time":"2023-08-18T08:20:00+00:00","article_modified_time":"2023-08-22T08:08:49+00:00","og_image":[{"width":800,"height":509,"url":"https:\/\/www.physiodermie.com\/wp-content\/uploads\/2023\/08\/FORMAT-ORANGE.jpg","type":"image\/jpeg"}],"author":"Adib Ait Hocine","twitter_card":"summary_large_image","twitter_misc":{"\u00c9crit par":"Adib Ait Hocine","Dur\u00e9e de lecture estim\u00e9e":"33 minutes"},"schema":{"@context":"https:\/\/schema.org","@graph":[{"@type":"Article","@id":"https:\/\/www.physiodermie.com\/fr\/pourquoi-la-vitamine-c-est-elle-bonne-pour-la-peau\/#article","isPartOf":{"@id":"https:\/\/www.physiodermie.com\/fr\/pourquoi-la-vitamine-c-est-elle-bonne-pour-la-peau\/"},"author":{"name":"Adib Ait Hocine","@id":"https:\/\/www.physiodermie.com\/fr\/#\/schema\/person\/8e46d6ce347bfcd0601d1320645757ee"},"headline":"Pourquoi la vitamine C est-elle bonne pour la peau ?","datePublished":"2023-08-18T08:20:00+00:00","dateModified":"2023-08-22T08:08:49+00:00","mainEntityOfPage":{"@id":"https:\/\/www.physiodermie.com\/fr\/pourquoi-la-vitamine-c-est-elle-bonne-pour-la-peau\/"},"wordCount":6653,"commentCount":0,"publisher":{"@id":"https:\/\/www.physiodermie.com\/fr\/#organization"},"image":{"@id":"https:\/\/www.physiodermie.com\/fr\/pourquoi-la-vitamine-c-est-elle-bonne-pour-la-peau\/#primaryimage"},"thumbnailUrl":"https:\/\/www.physiodermie.com\/wp-content\/uploads\/2023\/08\/FORMAT-ORANGE.jpg","articleSection":["Actifs"],"inLanguage":"fr-FR","potentialAction":[{"@type":"CommentAction","name":"Comment","target":["https:\/\/www.physiodermie.com\/fr\/pourquoi-la-vitamine-c-est-elle-bonne-pour-la-peau\/#respond"]}]},{"@type":"WebPage","@id":"https:\/\/www.physiodermie.com\/fr\/pourquoi-la-vitamine-c-est-elle-bonne-pour-la-peau\/","url":"https:\/\/www.physiodermie.com\/fr\/pourquoi-la-vitamine-c-est-elle-bonne-pour-la-peau\/","name":"Pourquoi la vitamine C est-elle bonne pour la peau ?","isPartOf":{"@id":"https:\/\/www.physiodermie.com\/fr\/#website"},"primaryImageOfPage":{"@id":"https:\/\/www.physiodermie.com\/fr\/pourquoi-la-vitamine-c-est-elle-bonne-pour-la-peau\/#primaryimage"},"image":{"@id":"https:\/\/www.physiodermie.com\/fr\/pourquoi-la-vitamine-c-est-elle-bonne-pour-la-peau\/#primaryimage"},"thumbnailUrl":"https:\/\/www.physiodermie.com\/wp-content\/uploads\/2023\/08\/FORMAT-ORANGE.jpg","datePublished":"2023-08-18T08:20:00+00:00","dateModified":"2023-08-22T08:08:49+00:00","description":"La vitamine C est un antioxydant qui combat les radicaux libres et contribue \u00e0 la formation du collag\u00e8ne, \u00e0 la cicatrisation des plaies et \u00e0 la protection contre le stress oxydatif.","breadcrumb":{"@id":"https:\/\/www.physiodermie.com\/fr\/pourquoi-la-vitamine-c-est-elle-bonne-pour-la-peau\/#breadcrumb"},"inLanguage":"fr-FR","potentialAction":[{"@type":"ReadAction","target":["https:\/\/www.physiodermie.com\/fr\/pourquoi-la-vitamine-c-est-elle-bonne-pour-la-peau\/"]}]},{"@type":"ImageObject","inLanguage":"fr-FR","@id":"https:\/\/www.physiodermie.com\/fr\/pourquoi-la-vitamine-c-est-elle-bonne-pour-la-peau\/#primaryimage","url":"https:\/\/www.physiodermie.com\/wp-content\/uploads\/2023\/08\/FORMAT-ORANGE.jpg","contentUrl":"https:\/\/www.physiodermie.com\/wp-content\/uploads\/2023\/08\/FORMAT-ORANGE.jpg","width":800,"height":509},{"@type":"BreadcrumbList","@id":"https:\/\/www.physiodermie.com\/fr\/pourquoi-la-vitamine-c-est-elle-bonne-pour-la-peau\/#breadcrumb","itemListElement":[{"@type":"ListItem","position":1,"name":"Accueil","item":"https:\/\/www.physiodermie.com\/fr\/"},{"@type":"ListItem","position":2,"name":"Pourquoi la vitamine C est-elle bonne pour la peau ?"}]},{"@type":"WebSite","@id":"https:\/\/www.physiodermie.com\/fr\/#website","url":"https:\/\/www.physiodermie.com\/fr\/","name":"Methode Physiodermie","description":"Performance Skincare Switzerland","publisher":{"@id":"https:\/\/www.physiodermie.com\/fr\/#organization"},"potentialAction":[{"@type":"SearchAction","target":{"@type":"EntryPoint","urlTemplate":"https:\/\/www.physiodermie.com\/fr\/?s={search_term_string}"},"query-input":{"@type":"PropertyValueSpecification","valueRequired":true,"valueName":"search_term_string"}}],"inLanguage":"fr-FR"},{"@type":"Organization","@id":"https:\/\/www.physiodermie.com\/fr\/#organization","name":"Laboratoire Sintyl - Gen\u00e8ve","url":"https:\/\/www.physiodermie.com\/fr\/","logo":{"@type":"ImageObject","inLanguage":"fr-FR","@id":"https:\/\/www.physiodermie.com\/fr\/#\/schema\/logo\/image\/","url":"https:\/\/physiodermie.com\/wp-content\/uploads\/2021\/02\/methode-physiodermie_logo2x.png","contentUrl":"https:\/\/physiodermie.com\/wp-content\/uploads\/2021\/02\/methode-physiodermie_logo2x.png","width":320,"height":86,"caption":"Laboratoire Sintyl - Gen\u00e8ve"},"image":{"@id":"https:\/\/www.physiodermie.com\/fr\/#\/schema\/logo\/image\/"}},{"@type":"Person","@id":"https:\/\/www.physiodermie.com\/fr\/#\/schema\/person\/8e46d6ce347bfcd0601d1320645757ee","name":"Adib Ait Hocine","image":{"@type":"ImageObject","inLanguage":"fr-FR","@id":"https:\/\/secure.gravatar.com\/avatar\/a70fa653672134b67d13e73fcfff4f13abb86fd971b0cb1e69c80d21714d9d26?s=96&d=mm&r=g","url":"https:\/\/secure.gravatar.com\/avatar\/a70fa653672134b67d13e73fcfff4f13abb86fd971b0cb1e69c80d21714d9d26?s=96&d=mm&r=g","contentUrl":"https:\/\/secure.gravatar.com\/avatar\/a70fa653672134b67d13e73fcfff4f13abb86fd971b0cb1e69c80d21714d9d26?s=96&d=mm&r=g","caption":"Adib Ait Hocine"}}]}},"_links":{"self":[{"href":"https:\/\/www.physiodermie.com\/fr\/wp-json\/wp\/v2\/posts\/25883","targetHints":{"allow":["GET"]}}],"collection":[{"href":"https:\/\/www.physiodermie.com\/fr\/wp-json\/wp\/v2\/posts"}],"about":[{"href":"https:\/\/www.physiodermie.com\/fr\/wp-json\/wp\/v2\/types\/post"}],"author":[{"embeddable":true,"href":"https:\/\/www.physiodermie.com\/fr\/wp-json\/wp\/v2\/users\/5607"}],"replies":[{"embeddable":true,"href":"https:\/\/www.physiodermie.com\/fr\/wp-json\/wp\/v2\/comments?post=25883"}],"version-history":[{"count":13,"href":"https:\/\/www.physiodermie.com\/fr\/wp-json\/wp\/v2\/posts\/25883\/revisions"}],"predecessor-version":[{"id":25926,"href":"https:\/\/www.physiodermie.com\/fr\/wp-json\/wp\/v2\/posts\/25883\/revisions\/25926"}],"wp:featuredmedia":[{"embeddable":true,"href":"https:\/\/www.physiodermie.com\/fr\/wp-json\/wp\/v2\/media\/27159"}],"wp:attachment":[{"href":"https:\/\/www.physiodermie.com\/fr\/wp-json\/wp\/v2\/media?parent=25883"}],"wp:term":[{"taxonomy":"category","embeddable":true,"href":"https:\/\/www.physiodermie.com\/fr\/wp-json\/wp\/v2\/categories?post=25883"},{"taxonomy":"post_tag","embeddable":true,"href":"https:\/\/www.physiodermie.com\/fr\/wp-json\/wp\/v2\/tags?post=25883"}],"curies":[{"name":"wp","href":"https:\/\/api.w.org\/{rel}","templated":true}]}}